{"id":62,"date":"2016-05-23T18:06:49","date_gmt":"2016-05-23T18:06:49","guid":{"rendered":"http:\/\/barredo.es\/?p=62"},"modified":"2025-03-01T15:29:45","modified_gmt":"2025-03-01T14:29:45","slug":"toros-y-prensa","status":"publish","type":"post","link":"https:\/\/barredo.es\/es\/toros-y-prensa\/","title":{"rendered":"El aficionado a los toros es el lector ideal de prensa"},"content":{"rendered":"<p>En Twitter no hace falta mucho para liarla. Poner una mera estad\u00edstica puede valer, y m\u00e1s si est\u00e1n los \u00e1nimos calientes. El anterior director de El Espa\u00f1ol, dej\u00f3 caer un tweet sobre la opini\u00f3n por <em>los toros<\/em> en Espa\u00f1a.<\/p>\n<blockquote class=\"twitter-tweet\" data-lang=\"es\">\n<p lang=\"es\" dir=\"ltr\">\n    Amigos editores: es muy probable que la mayor\u00eda de vuestros lectores est\u00e9 en contra de los toros v\u00eda <a href=\"https:\/\/twitter.com\/RamosMa\">@RamosMa<\/a> <a href=\"https:\/\/t.co\/t80HibnMYt\">pic.twitter.com\/t80HibnMYt<\/a>\n  <\/p>\n<p>\u2014 eduardosuarez (@eduardosuarez) <\/p>\n<p>  <a href=\"https:\/\/twitter.com\/eduardosuarez\/status\/733548667852857344\">20 de mayo de 2016<\/a>\n<\/p><\/blockquote>\n<p><script async src=\"\/\/platform.twitter.com\/widgets.js\" charset=\"utf-8\"><\/script> La cosa de vino arriba, y Vicente Ru\u00edz, el redactor jefe El Mundo pas\u00f3 a hablar de c\u00f3mo <em>la fiesta<\/em> sustenta <a href=\"https:\/\/twitter.com\/vicenruiz\/status\/733557448103989253?lang=es\">el canal de TV de pago con m\u00e1s abonados de Espa\u00f1a<\/a>. Sin contar el f\u00fatbol, claro. Y c\u00f3mo las noticias y art\u00edculos sobre el tema suelen ser <a href=\"https:\/\/twitter.com\/vicenruiz\/status\/733580494504255488\">lo m\u00e1s le\u00eddo de Cultura<\/a>. Al menos en los medios que los tratan, y es una cosa que puede parecer obvia, pero no lo es.<\/p>\n<p>Los memes, los vitales, y los tr\u00e1ilers pueden traer hoy mucho tr\u00e1fico. Pero con tanto adblock, tanto m\u00f3vil, tanto <em>AMP<\/em>, tanto porcentaje de rebote y dem\u00e1s, es tr\u00e1fico de \u00ednfima calidad. Adem\u00e1s, y sin tener cifras duras, seguro que los aficionados a los toros conforman un grupo fuerte a nivel demogr\u00e1fico con inter\u00e9s para los anunciantes. Imagino que ser\u00e1 en su mayor\u00eda varones de 45 en adelante, al menos el grueso del grupo. Disponen de dinero para pagar una suscripci\u00f3n o un diario cada d\u00eda, y suelen tener el tiempo.<\/p>\n<p>El aficionado a los toros es el lector ideal de prensa. En un mundo donde parece que todo va a impresionar en meses, deber\u00eda ser apreciado. No todos los lectores valen lo mismo. No todos estar\u00e1n ah\u00ed cuando saques el cepillo de la colecta para poder sobrevivir.<\/p>","protected":false},"excerpt":{"rendered":"<p>En Twitter no hace falta mucho para liarla. Poner una mera estad\u00edstica puede valer, y m\u00e1s si est\u00e1n los \u00e1nimos calientes. El anterior director de El Espa\u00f1ol, dej\u00f3 caer un tweet sobre la opini\u00f3n por los toros en Espa\u00f1a. Amigos editores: es muy probable que la mayor\u00eda de vuestros lectores est\u00e9 en contra de los&#8230;<\/p>","protected":false},"author":1,"featured_media":0,"comment_status":"closed","ping_status":"closed","sticky":false,"template":"","format":"standard","meta":{"footnotes":""},"categories":[3],"tags":[7],"class_list":["post-62","post","type-post","status-publish","format-standard","hentry","category-spanish","tag-medios-de-comunicacion"],"yoast_head":"<!-- This site is optimized with the Yoast SEO plugin v25.0 - https:\/\/yoast.com\/wordpress\/plugins\/seo\/ -->\n<title>El aficionado a los toros es el lector ideal de prensa - \u00c1lex Barredo<\/title>\n<meta name=\"robots\" content=\"index, follow, max-snippet:-1, max-image-preview:large, max-video-preview:-1\" \/>\n<link rel=\"canonical\" href=\"https:\/\/barredo.es\/es\/toros-y-prensa\/\" \/>\n<meta property=\"og:locale\" content=\"es_ES\" \/>\n<meta property=\"og:type\" content=\"article\" \/>\n<meta property=\"og:title\" content=\"El aficionado a los toros es el lector ideal de prensa - \u00c1lex Barredo\" \/>\n<meta property=\"og:description\" content=\"En Twitter no hace falta mucho para liarla. Poner una mera estad\u00edstica puede valer, y m\u00e1s si est\u00e1n los \u00e1nimos calientes. El anterior director de El Espa\u00f1ol, dej\u00f3 caer un tweet sobre la opini\u00f3n por los toros en Espa\u00f1a. Amigos editores: es muy probable que la mayor\u00eda de vuestros lectores est\u00e9 en contra de los...\" \/>\n<meta property=\"og:url\" content=\"https:\/\/barredo.es\/es\/toros-y-prensa\/\" \/>\n<meta property=\"og:site_name\" content=\"\u00c1lex Barredo\" \/>\n<meta property=\"article:published_time\" content=\"2016-05-23T18:06:49+00:00\" \/>\n<meta property=\"article:modified_time\" content=\"2025-03-01T14:29:45+00:00\" \/>\n<meta name=\"author\" content=\"alexbarredo\" \/>\n<meta name=\"twitter:card\" content=\"summary_large_image\" \/>\n<meta name=\"twitter:label1\" content=\"Written by\" \/>\n\t<meta name=\"twitter:data1\" content=\"alexbarredo\" \/>\n\t<meta name=\"twitter:label2\" content=\"Est. reading time\" \/>\n\t<meta name=\"twitter:data2\" content=\"2 minutes\" \/>\n<script type=\"application\/ld+json\" class=\"yoast-schema-graph\">{\"@context\":\"https:\/\/schema.org\",\"@graph\":[{\"@type\":\"WebPage\",\"@id\":\"https:\/\/barredo.es\/toros-y-prensa\/\",\"url\":\"https:\/\/barredo.es\/toros-y-prensa\/\",\"name\":\"El aficionado a los toros es el lector ideal de prensa - \u00c1lex Barredo\",\"isPartOf\":{\"@id\":\"https:\/\/barredo.es\/#website\"},\"datePublished\":\"2016-05-23T18:06:49+00:00\",\"dateModified\":\"2025-03-01T14:29:45+00:00\",\"author\":{\"@id\":\"https:\/\/barredo.es\/#\/schema\/person\/39b123e0f1dcaded9c905152327ecc09\"},\"breadcrumb\":{\"@id\":\"https:\/\/barredo.es\/toros-y-prensa\/#breadcrumb\"},\"inLanguage\":\"es-ES\",\"potentialAction\":[{\"@type\":\"ReadAction\",\"target\":[\"https:\/\/barredo.es\/toros-y-prensa\/\"]}]},{\"@type\":\"BreadcrumbList\",\"@id\":\"https:\/\/barredo.es\/toros-y-prensa\/#breadcrumb\",\"itemListElement\":[{\"@type\":\"ListItem\",\"position\":1,\"name\":\"Home\",\"item\":\"https:\/\/barredo.es\/\"},{\"@type\":\"ListItem\",\"position\":2,\"name\":\"El aficionado a los toros es el lector ideal de prensa\"}]},{\"@type\":\"WebSite\",\"@id\":\"https:\/\/barredo.es\/#website\",\"url\":\"https:\/\/barredo.es\/\",\"name\":\"\u00c1lex Barredo\",\"description\":\"\",\"potentialAction\":[{\"@type\":\"SearchAction\",\"target\":{\"@type\":\"EntryPoint\",\"urlTemplate\":\"https:\/\/barredo.es\/?s={search_term_string}\"},\"query-input\":{\"@type\":\"PropertyValueSpecification\",\"valueRequired\":true,\"valueName\":\"search_term_string\"}}],\"inLanguage\":\"es-ES\"},{\"@type\":\"Person\",\"@id\":\"https:\/\/barredo.es\/#\/schema\/person\/39b123e0f1dcaded9c905152327ecc09\",\"name\":\"alexbarredo\",\"url\":\"https:\/\/barredo.es\/es\/author\/alexbarredo\/\"}]}<\/script>\n<!-- \/ Yoast SEO plugin. -->","yoast_head_json":{"title":"El aficionado a los toros es el lector ideal de prensa - \u00c1lex Barredo","robots":{"index":"index","follow":"follow","max-snippet":"max-snippet:-1","max-image-preview":"max-image-preview:large","max-video-preview":"max-video-preview:-1"},"canonical":"https:\/\/barredo.es\/es\/toros-y-prensa\/","og_locale":"es_ES","og_type":"article","og_title":"El aficionado a los toros es el lector ideal de prensa - \u00c1lex Barredo","og_description":"En Twitter no hace falta mucho para liarla. Poner una mera estad\u00edstica puede valer, y m\u00e1s si est\u00e1n los \u00e1nimos calientes. El anterior director de El Espa\u00f1ol, dej\u00f3 caer un tweet sobre la opini\u00f3n por los toros en Espa\u00f1a. Amigos editores: es muy probable que la mayor\u00eda de vuestros lectores est\u00e9 en contra de los...","og_url":"https:\/\/barredo.es\/es\/toros-y-prensa\/","og_site_name":"\u00c1lex Barredo","article_published_time":"2016-05-23T18:06:49+00:00","article_modified_time":"2025-03-01T14:29:45+00:00","author":"alexbarredo","twitter_card":"summary_large_image","twitter_misc":{"Written by":"alexbarredo","Est. reading time":"2 minutes"},"schema":{"@context":"https:\/\/schema.org","@graph":[{"@type":"WebPage","@id":"https:\/\/barredo.es\/toros-y-prensa\/","url":"https:\/\/barredo.es\/toros-y-prensa\/","name":"El aficionado a los toros es el lector ideal de prensa - \u00c1lex Barredo","isPartOf":{"@id":"https:\/\/barredo.es\/#website"},"datePublished":"2016-05-23T18:06:49+00:00","dateModified":"2025-03-01T14:29:45+00:00","author":{"@id":"https:\/\/barredo.es\/#\/schema\/person\/39b123e0f1dcaded9c905152327ecc09"},"breadcrumb":{"@id":"https:\/\/barredo.es\/toros-y-prensa\/#breadcrumb"},"inLanguage":"es-ES","potentialAction":[{"@type":"ReadAction","target":["https:\/\/barredo.es\/toros-y-prensa\/"]}]},{"@type":"BreadcrumbList","@id":"https:\/\/barredo.es\/toros-y-prensa\/#breadcrumb","itemListElement":[{"@type":"ListItem","position":1,"name":"Home","item":"https:\/\/barredo.es\/"},{"@type":"ListItem","position":2,"name":"El aficionado a los toros es el lector ideal de prensa"}]},{"@type":"WebSite","@id":"https:\/\/barredo.es\/#website","url":"https:\/\/barredo.es\/","name":"\u00c1lex Barredo","description":"","potentialAction":[{"@type":"SearchAction","target":{"@type":"EntryPoint","urlTemplate":"https:\/\/barredo.es\/?s={search_term_string}"},"query-input":{"@type":"PropertyValueSpecification","valueRequired":true,"valueName":"search_term_string"}}],"inLanguage":"es-ES"},{"@type":"Person","@id":"https:\/\/barredo.es\/#\/schema\/person\/39b123e0f1dcaded9c905152327ecc09","name":"alexbarredo","url":"https:\/\/barredo.es\/es\/author\/alexbarredo\/"}]}},"_links":{"self":[{"href":"https:\/\/barredo.es\/es\/wp-json\/wp\/v2\/posts\/62","targetHints":{"allow":["GET"]}}],"collection":[{"href":"https:\/\/barredo.es\/es\/wp-json\/wp\/v2\/posts"}],"about":[{"href":"https:\/\/barredo.es\/es\/wp-json\/wp\/v2\/types\/post"}],"author":[{"embeddable":true,"href":"https:\/\/barredo.es\/es\/wp-json\/wp\/v2\/users\/1"}],"replies":[{"embeddable":true,"href":"https:\/\/barredo.es\/es\/wp-json\/wp\/v2\/comments?post=62"}],"version-history":[{"count":8,"href":"https:\/\/barredo.es\/es\/wp-json\/wp\/v2\/posts\/62\/revisions"}],"predecessor-version":[{"id":71,"href":"https:\/\/barredo.es\/es\/wp-json\/wp\/v2\/posts\/62\/revisions\/71"}],"wp:attachment":[{"href":"https:\/\/barredo.es\/es\/wp-json\/wp\/v2\/media?parent=62"}],"wp:term":[{"taxonomy":"category","embeddable":true,"href":"https:\/\/barredo.es\/es\/wp-json\/wp\/v2\/categories?post=62"},{"taxonomy":"post_tag","embeddable":true,"href":"https:\/\/barredo.es\/es\/wp-json\/wp\/v2\/tags?post=62"}],"curies":[{"name":"wp","href":"https:\/\/api.w.org\/{rel}","templated":true}]}}